{"id":842,"date":"2022-12-14T14:29:00","date_gmt":"2022-12-14T19:29:00","guid":{"rendered":"http:\/\/3.96.229.193\/2022\/12\/14\/sanexen-is-awarded-the-contract-for-the-major-environmental-remediation-of-the-former-aleris-plant-site-in-quebec\/"},"modified":"2026-08-19T10:19:06","modified_gmt":"2026-08-19T14:19:06","slug":"sanexen-remporte-le-contrat-de-rehabilitation-environnementale-majeure-du-terrain-de-lancienne-usine-daleris-au-quebec","status":"publish","type":"post","link":"https:\/\/sanexen.com\/fr\/2022\/12\/14\/sanexen-remporte-le-contrat-de-rehabilitation-environnementale-majeure-du-terrain-de-lancienne-usine-daleris-au-quebec\/","title":{"rendered":"SANEXEN remporte le contrat de r\u00e9habilitation environnementale majeure du terrain de l&rsquo;ancienne usine d&rsquo;Aleris au Qu\u00e9bec"},"content":{"rendered":"\n<p class=\"wp-block-paragraph\"><strong>Montr\u00e9al, Qu\u00e9bec, le 14 d\u00e9cembre 2022<\/strong> \u2013 SANEXEN services environnementaux inc. (\u00ab SANEXEN \u00bb), une filiale de LOGISTEC Corporation (\u00ab LOGISTEC \u00bb), a remport\u00e9 la soumission pour le projet de restauration environnementale du terrain de l\u2019ancienne usine Aleris \u00e0 Trois-Rivi\u00e8res, au Qu\u00e9bec. D\u2019une dur\u00e9e estim\u00e9e de quatre ans, ce projet majeur sera compl\u00e9t\u00e9 pour le minist\u00e8re de l\u2019Environnement et de la Lutte contre les changements climatique, de la Faune et des Parcs du Qu\u00e9bec, afin de redonner \u00e0 la communaut\u00e9 ce vaste terrain.<\/p>\n\n\n\n<p class=\"wp-block-paragraph\">\u00ab&nbsp;Il s\u2019agit d\u2019un projet de grande envergure pour la communaut\u00e9 \u00bb, affirme \u00c9ric Sauvageau, vice-pr\u00e9sident ex\u00e9cutif, SANEXEN. \u00ab&nbsp;Au cours de nos 37 ann\u00e9es d\u2019histoire, SANEXEN s\u2019est fait un devoir de mettre son expertise et son exp\u00e9rience sur le terrain au profit de ses clients et de ses communaut\u00e9s. Nous allons voir de plus en plus de projets importants en restauration de sites en Am\u00e9rique du Nord et nous sommes tr\u00e8s fiers d\u2019\u00eatre un partenaire de confiance pour les gouvernements et les villes&nbsp;\u00bb.<\/p>\n\n\n\n<p class=\"wp-block-paragraph\">Le contrat de restauration environnementale de cette ancienne usine d\u2019aluminium est estim\u00e9 \u00e0 17,5&nbsp;millions&nbsp;$. L\u2019\u00e9quipe d\u2019experts de SANEXEN d\u00e9contaminera enti\u00e8rement les lieux, afin de donner une seconde vie \u00e0 cette immense friche industrielle d\u2019une superficie \u00e9quivalant \u00e0 14&nbsp;terrains de soccer.<\/p>\n\n\n\n<p class=\"wp-block-paragraph\">SANEXEN a \u00e9t\u00e9 s\u00e9lectionn\u00e9e pour l\u2019exp\u00e9rience approfondie, les connaissances pratiques et l\u2019expertise de ses \u00e9quipes sur le terrain. La soci\u00e9t\u00e9 a compl\u00e9t\u00e9 plus de 6&nbsp;000 projets et plus de 2&nbsp;milliards&nbsp;$ de travaux en environnement. Son \u00e9quipe d\u2019experts a trait\u00e9 plus de 10,3&nbsp;milliards de litres d\u2019eau contamin\u00e9e et 19&nbsp;millions de tonnes de sols impact\u00e9s. Les initiatives innovantes de SANEXEN sont nombreuses et vari\u00e9es et se traduisent par des interventions environnementales concr\u00e8tes, des investissements financiers importants, ainsi qu\u2019une collaboration \u00e9troite avec tous les partenaires et les parties prenantes.<\/p>\n\n\n\n<p class=\"wp-block-paragraph\">\u00ab Ce type de projet complexe requiert de l\u2019ing\u00e9niosit\u00e9, de l\u2019innovation, et surtout de l\u2019exp\u00e9rience \u00e9prouv\u00e9e sur le terrain, des qualit\u00e9s dont dispose notre \u00e9quipe\u00bb, a ajout\u00e9 Jean-Fran\u00e7ois Bolduc, pr\u00e9sident, SANEXEN. \u00ab&nbsp;Nous sommes fort heureux d\u2019\u00eatre en charge de ce projet structurant, qui permettra de redonner l\u2019espace et de multiples opportunit\u00e9s \u00e0 la communaut\u00e9 de Trois-Rivi\u00e8res&nbsp;\u00bb. La ville de Trois-Rivi\u00e8res souhaite installer un nouveau quartier urbain durable sur l\u2019immense terrain de 18,5&nbsp;hectares. Les activit\u00e9s de l\u2019usine Aleris ont cess\u00e9 en 2008 et elle a \u00e9t\u00e9 d\u00e9molie en 2020.<\/p>\n\n\n\n<p class=\"wp-block-paragraph\"><\/p>\n\n\n\n<p class=\"wp-block-paragraph\"><strong>Renseignements :<\/strong><\/p>\n\n\n\n<p class=\"wp-block-paragraph\">Marie-Chantal Savoy<br>Vice-pr\u00e9sidente, strat\u00e9gie et communications<br><\/p>\n\n\n\n<p class=\"wp-block-paragraph\"><\/p>\n","protected":false},"excerpt":{"rendered":"<p>Montr\u00e9al, Qu\u00e9bec, le 14 d\u00e9cembre 2022 \u2013 SANEXEN services environnementaux inc. (\u00ab SANEXEN \u00bb), une filiale de LOGISTEC Corporation (\u00ab LOGISTEC \u00bb), a remport\u00e9 la soumission pour le projet de restauration environnementale du terrain de l\u2019ancienne usine Aleris \u00e0 Trois-Rivi\u00e8res, au Qu\u00e9bec. D\u2019une dur\u00e9e estim\u00e9e de quatre ans, ce projet majeur sera compl\u00e9t\u00e9 pour le [&hellip;]<\/p>\n","protected":false},"author":17,"featured_media":838,"comment_status":"closed","ping_status":"closed","sticky":false,"template":"","format":"standard","meta":{"_acf_changed":false,"footnotes":""},"categories":[29,31],"tags":[],"class_list":["post-842","post","type-post","status-publish","format-standard","has-post-thumbnail","hentry","category-communiques","category-projets-gagnes"],"acf":[],"yoast_head":"<!-- This site is optimized with the Yoast SEO plugin v28.4 - https:\/\/yoast.com\/product\/yoast-seo-wordpress\/ -->\n<title>SANEXEN remporte le contrat de r\u00e9habilitation environnementale majeure du terrain de l&#039;ancienne usine d&#039;Aleris au Qu\u00e9bec | SANEXEN<\/title>\n<meta name=\"robots\" content=\"index, follow, max-snippet:-1, max-image-preview:large, max-video-preview:-1\" \/>\n<link rel=\"canonical\" href=\"https:\/\/sanexen.com\/fr\/2022\/12\/14\/sanexen-remporte-le-contrat-de-rehabilitation-environnementale-majeure-du-terrain-de-lancienne-usine-daleris-au-quebec\/\" \/>\n<meta property=\"og:locale\" content=\"fr_FR\" \/>\n<meta property=\"og:type\" content=\"article\" \/>\n<meta property=\"og:title\" content=\"SANEXEN remporte le contrat de r\u00e9habilitation environnementale majeure du terrain de l&#039;ancienne usine d&#039;Aleris au Qu\u00e9bec | SANEXEN\" \/>\n<meta property=\"og:description\" content=\"Montr\u00e9al, Qu\u00e9bec, le 14 d\u00e9cembre 2022 \u2013 SANEXEN services environnementaux inc. (\u00ab SANEXEN \u00bb), une filiale de LOGISTEC Corporation (\u00ab LOGISTEC \u00bb), a remport\u00e9 la soumission pour le projet de restauration environnementale du terrain de l\u2019ancienne usine Aleris \u00e0 Trois-Rivi\u00e8res, au Qu\u00e9bec. D\u2019une dur\u00e9e estim\u00e9e de quatre ans, ce projet majeur sera compl\u00e9t\u00e9 pour le [&hellip;]\" \/>\n<meta property=\"og:url\" content=\"https:\/\/sanexen.com\/fr\/2022\/12\/14\/sanexen-remporte-le-contrat-de-rehabilitation-environnementale-majeure-du-terrain-de-lancienne-usine-daleris-au-quebec\/\" \/>\n<meta property=\"og:site_name\" content=\"SANEXEN\" \/>\n<meta property=\"article:publisher\" content=\"https:\/\/www.facebook.com\/sanexen.env\/\" \/>\n<meta property=\"article:published_time\" content=\"2022-12-14T19:29:00+00:00\" \/>\n<meta property=\"article:modified_time\" content=\"2026-08-19T14:19:06+00:00\" \/>\n<meta property=\"og:image\" content=\"https:\/\/sanexen.com\/wp-content\/uploads\/2023\/02\/dji-0968-w-980x418-1.jpg\" \/>\n\t<meta property=\"og:image:width\" content=\"980\" \/>\n\t<meta property=\"og:image:height\" content=\"418\" \/>\n\t<meta property=\"og:image:type\" content=\"image\/jpeg\" \/>\n<meta name=\"author\" content=\"Marilyne Thomas\" \/>\n<meta name=\"twitter:card\" content=\"summary_large_image\" \/>\n<meta name=\"twitter:creator\" content=\"@sanexen_env\" \/>\n<meta name=\"twitter:site\" content=\"@sanexen_env\" \/>\n<meta name=\"twitter:label1\" content=\"\u00c9crit par\" \/>\n\t<meta name=\"twitter:data1\" content=\"Marilyne Thomas\" \/>\n\t<meta name=\"twitter:label2\" content=\"Dur\u00e9e de lecture estim\u00e9e\" \/>\n\t<meta name=\"twitter:data2\" content=\"2 minutes\" \/>\n<script type=\"application\/ld+json\" class=\"yoast-schema-graph\">{\"@context\":\"https:\\\/\\\/schema.org\",\"@graph\":[{\"@type\":\"Article\",\"@id\":\"https:\\\/\\\/sanexen.com\\\/fr\\\/2022\\\/12\\\/14\\\/sanexen-remporte-le-contrat-de-rehabilitation-environnementale-majeure-du-terrain-de-lancienne-usine-daleris-au-quebec\\\/#article\",\"isPartOf\":{\"@id\":\"https:\\\/\\\/sanexen.com\\\/fr\\\/2022\\\/12\\\/14\\\/sanexen-remporte-le-contrat-de-rehabilitation-environnementale-majeure-du-terrain-de-lancienne-usine-daleris-au-quebec\\\/\"},\"author\":{\"name\":\"Marilyne Thomas\",\"@id\":\"https:\\\/\\\/sanexen.com\\\/fr\\\/#\\\/schema\\\/person\\\/3c52368b62a30550e023fd775e22b537\"},\"headline\":\"SANEXEN remporte le contrat de r\u00e9habilitation environnementale majeure du terrain de l&rsquo;ancienne usine d&rsquo;Aleris au Qu\u00e9bec\",\"datePublished\":\"2022-12-14T19:29:00+00:00\",\"dateModified\":\"2026-08-19T14:19:06+00:00\",\"mainEntityOfPage\":{\"@id\":\"https:\\\/\\\/sanexen.com\\\/fr\\\/2022\\\/12\\\/14\\\/sanexen-remporte-le-contrat-de-rehabilitation-environnementale-majeure-du-terrain-de-lancienne-usine-daleris-au-quebec\\\/\"},\"wordCount\":465,\"publisher\":{\"@id\":\"https:\\\/\\\/sanexen.com\\\/fr\\\/#organization\"},\"image\":{\"@id\":\"https:\\\/\\\/sanexen.com\\\/fr\\\/2022\\\/12\\\/14\\\/sanexen-remporte-le-contrat-de-rehabilitation-environnementale-majeure-du-terrain-de-lancienne-usine-daleris-au-quebec\\\/#primaryimage\"},\"thumbnailUrl\":\"https:\\\/\\\/sanexen.com\\\/wp-content\\\/uploads\\\/2023\\\/02\\\/dji-0968-w-980x418-1.jpg\",\"articleSection\":[\"Communiqu\u00e9s\",\"Projets gagn\u00e9s\"],\"inLanguage\":\"fr-FR\"},{\"@type\":\"WebPage\",\"@id\":\"https:\\\/\\\/sanexen.com\\\/fr\\\/2022\\\/12\\\/14\\\/sanexen-remporte-le-contrat-de-rehabilitation-environnementale-majeure-du-terrain-de-lancienne-usine-daleris-au-quebec\\\/\",\"url\":\"https:\\\/\\\/sanexen.com\\\/fr\\\/2022\\\/12\\\/14\\\/sanexen-remporte-le-contrat-de-rehabilitation-environnementale-majeure-du-terrain-de-lancienne-usine-daleris-au-quebec\\\/\",\"name\":\"SANEXEN remporte le contrat de r\u00e9habilitation environnementale majeure du terrain de l'ancienne usine d'Aleris au Qu\u00e9bec | SANEXEN\",\"isPartOf\":{\"@id\":\"https:\\\/\\\/sanexen.com\\\/fr\\\/#website\"},\"primaryImageOfPage\":{\"@id\":\"https:\\\/\\\/sanexen.com\\\/fr\\\/2022\\\/12\\\/14\\\/sanexen-remporte-le-contrat-de-rehabilitation-environnementale-majeure-du-terrain-de-lancienne-usine-daleris-au-quebec\\\/#primaryimage\"},\"image\":{\"@id\":\"https:\\\/\\\/sanexen.com\\\/fr\\\/2022\\\/12\\\/14\\\/sanexen-remporte-le-contrat-de-rehabilitation-environnementale-majeure-du-terrain-de-lancienne-usine-daleris-au-quebec\\\/#primaryimage\"},\"thumbnailUrl\":\"https:\\\/\\\/sanexen.com\\\/wp-content\\\/uploads\\\/2023\\\/02\\\/dji-0968-w-980x418-1.jpg\",\"datePublished\":\"2022-12-14T19:29:00+00:00\",\"dateModified\":\"2026-08-19T14:19:06+00:00\",\"breadcrumb\":{\"@id\":\"https:\\\/\\\/sanexen.com\\\/fr\\\/2022\\\/12\\\/14\\\/sanexen-remporte-le-contrat-de-rehabilitation-environnementale-majeure-du-terrain-de-lancienne-usine-daleris-au-quebec\\\/#breadcrumb\"},\"inLanguage\":\"fr-FR\",\"potentialAction\":[{\"@type\":\"ReadAction\",\"target\":[\"https:\\\/\\\/sanexen.com\\\/fr\\\/2022\\\/12\\\/14\\\/sanexen-remporte-le-contrat-de-rehabilitation-environnementale-majeure-du-terrain-de-lancienne-usine-daleris-au-quebec\\\/\"]}]},{\"@type\":\"ImageObject\",\"inLanguage\":\"fr-FR\",\"@id\":\"https:\\\/\\\/sanexen.com\\\/fr\\\/2022\\\/12\\\/14\\\/sanexen-remporte-le-contrat-de-rehabilitation-environnementale-majeure-du-terrain-de-lancienne-usine-daleris-au-quebec\\\/#primaryimage\",\"url\":\"https:\\\/\\\/sanexen.com\\\/wp-content\\\/uploads\\\/2023\\\/02\\\/dji-0968-w-980x418-1.jpg\",\"contentUrl\":\"https:\\\/\\\/sanexen.com\\\/wp-content\\\/uploads\\\/2023\\\/02\\\/dji-0968-w-980x418-1.jpg\",\"width\":980,\"height\":418},{\"@type\":\"BreadcrumbList\",\"@id\":\"https:\\\/\\\/sanexen.com\\\/fr\\\/2022\\\/12\\\/14\\\/sanexen-remporte-le-contrat-de-rehabilitation-environnementale-majeure-du-terrain-de-lancienne-usine-daleris-au-quebec\\\/#breadcrumb\",\"itemListElement\":[{\"@type\":\"ListItem\",\"position\":1,\"name\":\"Home\",\"item\":\"https:\\\/\\\/sanexen.com\\\/fr\\\/home\\\/\"},{\"@type\":\"ListItem\",\"position\":2,\"name\":\"SANEXEN remporte le contrat de r\u00e9habilitation environnementale majeure du terrain de l&#8217;ancienne usine d&#8217;Aleris au Qu\u00e9bec\"}]},{\"@type\":\"WebSite\",\"@id\":\"https:\\\/\\\/sanexen.com\\\/fr\\\/#website\",\"url\":\"https:\\\/\\\/sanexen.com\\\/fr\\\/\",\"name\":\"SANEXEN\",\"description\":\"Driving innovation in environmental, water, climate change and circular economy solutions.\",\"publisher\":{\"@id\":\"https:\\\/\\\/sanexen.com\\\/fr\\\/#organization\"},\"alternateName\":\"Sanexen Services environnementaux\",\"potentialAction\":[{\"@type\":\"SearchAction\",\"target\":{\"@type\":\"EntryPoint\",\"urlTemplate\":\"https:\\\/\\\/sanexen.com\\\/fr\\\/?s={search_term_string}\"},\"query-input\":{\"@type\":\"PropertyValueSpecification\",\"valueRequired\":true,\"valueName\":\"search_term_string\"}}],\"inLanguage\":\"fr-FR\"},{\"@type\":\"Organization\",\"@id\":\"https:\\\/\\\/sanexen.com\\\/fr\\\/#organization\",\"name\":\"SANEXEN\",\"alternateName\":\"SANEXEN Services environnementaux\",\"url\":\"https:\\\/\\\/sanexen.com\\\/fr\\\/\",\"logo\":{\"@type\":\"ImageObject\",\"inLanguage\":\"fr-FR\",\"@id\":\"https:\\\/\\\/sanexen.com\\\/fr\\\/#\\\/schema\\\/logo\\\/image\\\/\",\"url\":\"https:\\\/\\\/sanexen.com\\\/wp-content\\\/uploads\\\/2025\\\/11\\\/SNX-logo-696X696.png\",\"contentUrl\":\"https:\\\/\\\/sanexen.com\\\/wp-content\\\/uploads\\\/2025\\\/11\\\/SNX-logo-696X696.png\",\"width\":696,\"height\":696,\"caption\":\"SANEXEN\"},\"image\":{\"@id\":\"https:\\\/\\\/sanexen.com\\\/fr\\\/#\\\/schema\\\/logo\\\/image\\\/\"},\"sameAs\":[\"https:\\\/\\\/www.facebook.com\\\/sanexen.env\\\/\",\"https:\\\/\\\/x.com\\\/sanexen_env\",\"https:\\\/\\\/www.linkedin.com\\\/company\\\/sanexen-env\",\"https:\\\/\\\/www.youtube.com\\\/@sanexen-env\"]},{\"@type\":\"Person\",\"@id\":\"https:\\\/\\\/sanexen.com\\\/fr\\\/#\\\/schema\\\/person\\\/3c52368b62a30550e023fd775e22b537\",\"name\":\"Marilyne Thomas\",\"image\":{\"@type\":\"ImageObject\",\"inLanguage\":\"fr-FR\",\"@id\":\"https:\\\/\\\/secure.gravatar.com\\\/avatar\\\/60c9d972f84577233acece740ecda8c054bc8f02e2fab9dcbff2b5c83d7af764?s=96&d=mm&r=g\",\"url\":\"https:\\\/\\\/secure.gravatar.com\\\/avatar\\\/60c9d972f84577233acece740ecda8c054bc8f02e2fab9dcbff2b5c83d7af764?s=96&d=mm&r=g\",\"contentUrl\":\"https:\\\/\\\/secure.gravatar.com\\\/avatar\\\/60c9d972f84577233acece740ecda8c054bc8f02e2fab9dcbff2b5c83d7af764?s=96&d=mm&r=g\",\"caption\":\"Marilyne Thomas\"},\"url\":\"https:\\\/\\\/sanexen.com\\\/fr\\\/author\\\/mthomassanexen-com\\\/\"}]}<\/script>\n<!-- \/ Yoast SEO plugin. -->","yoast_head_json":{"title":"SANEXEN remporte le contrat de r\u00e9habilitation environnementale majeure du terrain de l'ancienne usine d'Aleris au Qu\u00e9bec | SANEXEN","robots":{"index":"index","follow":"follow","max-snippet":"max-snippet:-1","max-image-preview":"max-image-preview:large","max-video-preview":"max-video-preview:-1"},"canonical":"https:\/\/sanexen.com\/fr\/2022\/12\/14\/sanexen-remporte-le-contrat-de-rehabilitation-environnementale-majeure-du-terrain-de-lancienne-usine-daleris-au-quebec\/","og_locale":"fr_FR","og_type":"article","og_title":"SANEXEN remporte le contrat de r\u00e9habilitation environnementale majeure du terrain de l'ancienne usine d'Aleris au Qu\u00e9bec | SANEXEN","og_description":"Montr\u00e9al, Qu\u00e9bec, le 14 d\u00e9cembre 2022 \u2013 SANEXEN services environnementaux inc. (\u00ab SANEXEN \u00bb), une filiale de LOGISTEC Corporation (\u00ab LOGISTEC \u00bb), a remport\u00e9 la soumission pour le projet de restauration environnementale du terrain de l\u2019ancienne usine Aleris \u00e0 Trois-Rivi\u00e8res, au Qu\u00e9bec. D\u2019une dur\u00e9e estim\u00e9e de quatre ans, ce projet majeur sera compl\u00e9t\u00e9 pour le [&hellip;]","og_url":"https:\/\/sanexen.com\/fr\/2022\/12\/14\/sanexen-remporte-le-contrat-de-rehabilitation-environnementale-majeure-du-terrain-de-lancienne-usine-daleris-au-quebec\/","og_site_name":"SANEXEN","article_publisher":"https:\/\/www.facebook.com\/sanexen.env\/","article_published_time":"2022-12-14T19:29:00+00:00","article_modified_time":"2026-08-19T14:19:06+00:00","og_image":[{"width":980,"height":418,"url":"https:\/\/sanexen.com\/wp-content\/uploads\/2023\/02\/dji-0968-w-980x418-1.jpg","type":"image\/jpeg"}],"author":"Marilyne Thomas","twitter_card":"summary_large_image","twitter_creator":"@sanexen_env","twitter_site":"@sanexen_env","twitter_misc":{"\u00c9crit par":"Marilyne Thomas","Dur\u00e9e de lecture estim\u00e9e":"2 minutes"},"schema":{"@context":"https:\/\/schema.org","@graph":[{"@type":"Article","@id":"https:\/\/sanexen.com\/fr\/2022\/12\/14\/sanexen-remporte-le-contrat-de-rehabilitation-environnementale-majeure-du-terrain-de-lancienne-usine-daleris-au-quebec\/#article","isPartOf":{"@id":"https:\/\/sanexen.com\/fr\/2022\/12\/14\/sanexen-remporte-le-contrat-de-rehabilitation-environnementale-majeure-du-terrain-de-lancienne-usine-daleris-au-quebec\/"},"author":{"name":"Marilyne Thomas","@id":"https:\/\/sanexen.com\/fr\/#\/schema\/person\/3c52368b62a30550e023fd775e22b537"},"headline":"SANEXEN remporte le contrat de r\u00e9habilitation environnementale majeure du terrain de l&rsquo;ancienne usine d&rsquo;Aleris au Qu\u00e9bec","datePublished":"2022-12-14T19:29:00+00:00","dateModified":"2026-08-19T14:19:06+00:00","mainEntityOfPage":{"@id":"https:\/\/sanexen.com\/fr\/2022\/12\/14\/sanexen-remporte-le-contrat-de-rehabilitation-environnementale-majeure-du-terrain-de-lancienne-usine-daleris-au-quebec\/"},"wordCount":465,"publisher":{"@id":"https:\/\/sanexen.com\/fr\/#organization"},"image":{"@id":"https:\/\/sanexen.com\/fr\/2022\/12\/14\/sanexen-remporte-le-contrat-de-rehabilitation-environnementale-majeure-du-terrain-de-lancienne-usine-daleris-au-quebec\/#primaryimage"},"thumbnailUrl":"https:\/\/sanexen.com\/wp-content\/uploads\/2023\/02\/dji-0968-w-980x418-1.jpg","articleSection":["Communiqu\u00e9s","Projets gagn\u00e9s"],"inLanguage":"fr-FR"},{"@type":"WebPage","@id":"https:\/\/sanexen.com\/fr\/2022\/12\/14\/sanexen-remporte-le-contrat-de-rehabilitation-environnementale-majeure-du-terrain-de-lancienne-usine-daleris-au-quebec\/","url":"https:\/\/sanexen.com\/fr\/2022\/12\/14\/sanexen-remporte-le-contrat-de-rehabilitation-environnementale-majeure-du-terrain-de-lancienne-usine-daleris-au-quebec\/","name":"SANEXEN remporte le contrat de r\u00e9habilitation environnementale majeure du terrain de l'ancienne usine d'Aleris au Qu\u00e9bec | SANEXEN","isPartOf":{"@id":"https:\/\/sanexen.com\/fr\/#website"},"primaryImageOfPage":{"@id":"https:\/\/sanexen.com\/fr\/2022\/12\/14\/sanexen-remporte-le-contrat-de-rehabilitation-environnementale-majeure-du-terrain-de-lancienne-usine-daleris-au-quebec\/#primaryimage"},"image":{"@id":"https:\/\/sanexen.com\/fr\/2022\/12\/14\/sanexen-remporte-le-contrat-de-rehabilitation-environnementale-majeure-du-terrain-de-lancienne-usine-daleris-au-quebec\/#primaryimage"},"thumbnailUrl":"https:\/\/sanexen.com\/wp-content\/uploads\/2023\/02\/dji-0968-w-980x418-1.jpg","datePublished":"2022-12-14T19:29:00+00:00","dateModified":"2026-08-19T14:19:06+00:00","breadcrumb":{"@id":"https:\/\/sanexen.com\/fr\/2022\/12\/14\/sanexen-remporte-le-contrat-de-rehabilitation-environnementale-majeure-du-terrain-de-lancienne-usine-daleris-au-quebec\/#breadcrumb"},"inLanguage":"fr-FR","potentialAction":[{"@type":"ReadAction","target":["https:\/\/sanexen.com\/fr\/2022\/12\/14\/sanexen-remporte-le-contrat-de-rehabilitation-environnementale-majeure-du-terrain-de-lancienne-usine-daleris-au-quebec\/"]}]},{"@type":"ImageObject","inLanguage":"fr-FR","@id":"https:\/\/sanexen.com\/fr\/2022\/12\/14\/sanexen-remporte-le-contrat-de-rehabilitation-environnementale-majeure-du-terrain-de-lancienne-usine-daleris-au-quebec\/#primaryimage","url":"https:\/\/sanexen.com\/wp-content\/uploads\/2023\/02\/dji-0968-w-980x418-1.jpg","contentUrl":"https:\/\/sanexen.com\/wp-content\/uploads\/2023\/02\/dji-0968-w-980x418-1.jpg","width":980,"height":418},{"@type":"BreadcrumbList","@id":"https:\/\/sanexen.com\/fr\/2022\/12\/14\/sanexen-remporte-le-contrat-de-rehabilitation-environnementale-majeure-du-terrain-de-lancienne-usine-daleris-au-quebec\/#breadcrumb","itemListElement":[{"@type":"ListItem","position":1,"name":"Home","item":"https:\/\/sanexen.com\/fr\/home\/"},{"@type":"ListItem","position":2,"name":"SANEXEN remporte le contrat de r\u00e9habilitation environnementale majeure du terrain de l&#8217;ancienne usine d&#8217;Aleris au Qu\u00e9bec"}]},{"@type":"WebSite","@id":"https:\/\/sanexen.com\/fr\/#website","url":"https:\/\/sanexen.com\/fr\/","name":"SANEXEN","description":"Driving innovation in environmental, water, climate change and circular economy solutions.","publisher":{"@id":"https:\/\/sanexen.com\/fr\/#organization"},"alternateName":"Sanexen Services environnementaux","potentialAction":[{"@type":"SearchAction","target":{"@type":"EntryPoint","urlTemplate":"https:\/\/sanexen.com\/fr\/?s={search_term_string}"},"query-input":{"@type":"PropertyValueSpecification","valueRequired":true,"valueName":"search_term_string"}}],"inLanguage":"fr-FR"},{"@type":"Organization","@id":"https:\/\/sanexen.com\/fr\/#organization","name":"SANEXEN","alternateName":"SANEXEN Services environnementaux","url":"https:\/\/sanexen.com\/fr\/","logo":{"@type":"ImageObject","inLanguage":"fr-FR","@id":"https:\/\/sanexen.com\/fr\/#\/schema\/logo\/image\/","url":"https:\/\/sanexen.com\/wp-content\/uploads\/2025\/11\/SNX-logo-696X696.png","contentUrl":"https:\/\/sanexen.com\/wp-content\/uploads\/2025\/11\/SNX-logo-696X696.png","width":696,"height":696,"caption":"SANEXEN"},"image":{"@id":"https:\/\/sanexen.com\/fr\/#\/schema\/logo\/image\/"},"sameAs":["https:\/\/www.facebook.com\/sanexen.env\/","https:\/\/x.com\/sanexen_env","https:\/\/www.linkedin.com\/company\/sanexen-env","https:\/\/www.youtube.com\/@sanexen-env"]},{"@type":"Person","@id":"https:\/\/sanexen.com\/fr\/#\/schema\/person\/3c52368b62a30550e023fd775e22b537","name":"Marilyne Thomas","image":{"@type":"ImageObject","inLanguage":"fr-FR","@id":"https:\/\/secure.gravatar.com\/avatar\/60c9d972f84577233acece740ecda8c054bc8f02e2fab9dcbff2b5c83d7af764?s=96&d=mm&r=g","url":"https:\/\/secure.gravatar.com\/avatar\/60c9d972f84577233acece740ecda8c054bc8f02e2fab9dcbff2b5c83d7af764?s=96&d=mm&r=g","contentUrl":"https:\/\/secure.gravatar.com\/avatar\/60c9d972f84577233acece740ecda8c054bc8f02e2fab9dcbff2b5c83d7af764?s=96&d=mm&r=g","caption":"Marilyne Thomas"},"url":"https:\/\/sanexen.com\/fr\/author\/mthomassanexen-com\/"}]}},"_links":{"self":[{"href":"https:\/\/sanexen.com\/fr\/wp-json\/wp\/v2\/posts\/842","targetHints":{"allow":["GET"]}}],"collection":[{"href":"https:\/\/sanexen.com\/fr\/wp-json\/wp\/v2\/posts"}],"about":[{"href":"https:\/\/sanexen.com\/fr\/wp-json\/wp\/v2\/types\/post"}],"author":[{"embeddable":true,"href":"https:\/\/sanexen.com\/fr\/wp-json\/wp\/v2\/users\/17"}],"replies":[{"embeddable":true,"href":"https:\/\/sanexen.com\/fr\/wp-json\/wp\/v2\/comments?post=842"}],"version-history":[{"count":1,"href":"https:\/\/sanexen.com\/fr\/wp-json\/wp\/v2\/posts\/842\/revisions"}],"predecessor-version":[{"id":23471,"href":"https:\/\/sanexen.com\/fr\/wp-json\/wp\/v2\/posts\/842\/revisions\/23471"}],"wp:featuredmedia":[{"embeddable":true,"href":"https:\/\/sanexen.com\/fr\/wp-json\/wp\/v2\/media\/838"}],"wp:attachment":[{"href":"https:\/\/sanexen.com\/fr\/wp-json\/wp\/v2\/media?parent=842"}],"wp:term":[{"taxonomy":"category","embeddable":true,"href":"https:\/\/sanexen.com\/fr\/wp-json\/wp\/v2\/categories?post=842"},{"taxonomy":"post_tag","embeddable":true,"href":"https:\/\/sanexen.com\/fr\/wp-json\/wp\/v2\/tags?post=842"}],"curies":[{"name":"wp","href":"https:\/\/api.w.org\/{rel}","templated":true}]}}