{"id":834,"date":"2022-11-22T14:26:00","date_gmt":"2022-11-22T19:26:00","guid":{"rendered":"http:\/\/3.96.229.193\/2022\/11\/22\/sanexen-wins-innovation-and-environmental-protection-award-from-the-ceteq-for-its-innovative-solution-against-pfas-altra\/"},"modified":"2026-08-19T10:19:37","modified_gmt":"2026-08-19T14:19:37","slug":"sanexen-wins-innovation-and-environmental-protection-award-from-the-ceteq-for-its-innovative-solution-against-pfas-altra","status":"publish","type":"post","link":"https:\/\/sanexen.com\/fr\/2022\/11\/22\/sanexen-wins-innovation-and-environmental-protection-award-from-the-ceteq-for-its-innovative-solution-against-pfas-altra\/","title":{"rendered":"SANEXEN remporte le prix Innovation et protection de l\u2019environnement du CETEQ pour sa solution novatrice contre les PFAS: ALTRA"},"content":{"rendered":"\n<p class=\"wp-block-paragraph\"><strong>Montr\u00e9al, le 22 novembre 2022<\/strong> \u2013 SANEXEN services environnementaux inc. (\u00ab SANEXEN \u00bb), une filiale de LOGISTEC Corporation (\u00ab LOGISTEC \u00bb), a remport\u00e9 pour une deuxi\u00e8me ann\u00e9e cons\u00e9cutive le prix Innovation et protection de l\u2019environnement du Conseil des entreprises en technologies environnementales du Qu\u00e9bec (\u00ab CETEQ \u00bb). Cette fois, c\u2019est sa solution novatrice ALTRA d\u2019\u00e9limination des PFAS dans l\u2019eau, ces produits chimiques toxiques \u00e9ternels, qui a \u00e9t\u00e9 reconnue pour son ing\u00e9niosit\u00e9 et son efficacit\u00e9.<\/p>\n\n\n\n<p class=\"wp-block-paragraph\">\u00ab Nous sommes tr\u00e8s fiers d\u2019avoir re\u00e7u ce prix pour une deuxi\u00e8me fois, qui souligne de nouveau le travail exceptionnel accompli par nos gens. Notre \u00e9quipe est d\u00e9termin\u00e9e \u00e0 trouver des solutions et d\u00e9velopper de nouvelles technologies afin de prot\u00e9ger notre environnement et nos ressources en eau \u00bb, affirme Madeleine Paquin, pr\u00e9sidente et chef de la direction, LOGISTEC.<\/p>\n\n\n\n<p class=\"wp-block-paragraph\">La solution \u00e9prouv\u00e9e sur le terrain d\u2019ALTRA est pr\u00eate \u00e0 r\u00e9volutionner le traitement des PFAS dans l\u2019eau. Il a fallu des ann\u00e9es de recherche et de d\u00e9veloppement \u00e0 l\u2019interne afin de trouver un \u00e9quilibre innovant pour le traitement de l\u2019eau contamin\u00e9e. Les experts chez ALTRA ont r\u00e9ussi \u00e0 d\u00e9velopper une solution de traitement robuste et efficace qui \u00e9limine de mani\u00e8re rentable les PFAS, \u00e0 cha\u00eene longue et courte, et qui est enti\u00e8rement adaptable selon les besoins du client et les niveaux de contamination.<\/p>\n\n\n\n<p class=\"wp-block-paragraph\">\u00ab Avec notre \u00e9quipe d\u2019experts et de scientifiques, nous avons pu d\u00e9velopper \u00e0 l\u2019interne cette solution remarquable pour \u00e9liminer les PFAS dans l\u2019eau. Cette nouvelle technologie est des plus prometteuses, comme nous avons pu le constater sur le terrain au cours de nos multiples projets tests, surtout pour le traitement des sources d\u2019eau fortement contamin\u00e9es par des PFAS \u00bb, a expliqu\u00e9 Martin Bureau, vice-pr\u00e9sident, innovation, SANEXEN.<\/p>\n\n\n\n<p class=\"wp-block-paragraph\">\u00ab La technologie d\u2019ALTRA a \u00e9t\u00e9 \u00e9prouv\u00e9e sur le terrain \u00e0 plusieurs sites contamin\u00e9s gr\u00e2ce \u00e0 nos unit\u00e9s mobiles \u2013 qui sont uniques au Canada pour les concentr\u00e9s de PFAS. C\u2019est ce qui nous motive chez SANEXEN : trouver des solutions qui sont rentables et qui auront un impact positif durable sur l\u2019environnement et sur nos communaut\u00e9s, pour les g\u00e9n\u00e9rations futures \u00bb, a conclu Jean-Fran\u00e7ois Bolduc, pr\u00e9sident, SANEXEN.<\/p>\n\n\n\n<p class=\"wp-block-paragraph\">Le prix a \u00e9t\u00e9 d\u00e9cern\u00e9 lors du gala annuel Envirolys du CETEQ, qui a eu lieu le 21 novembre \u00e0 Montr\u00e9al. Le gala Envirolys vise \u00e0 faire conna\u00eetre l\u2019expertise priv\u00e9e de l\u2019\u00e9conomie verte, l\u2019entrepreneuriat et l\u2019innovation des b\u00e2tisseurs de l\u2019industrie des services environnementaux, ainsi que les nouvelles technologies et projets significatifs en environnement au Qu\u00e9bec.<\/p>\n\n\n\n<p class=\"wp-block-paragraph\"><\/p>\n\n\n\n<p class=\"wp-block-paragraph\"><strong>Renseignements :<\/strong><\/p>\n\n\n\n<p class=\"wp-block-paragraph\">Marie-Chantal Savoy<br>Vice-pr\u00e9sidente, strat\u00e9gie et communications<br><\/p>\n","protected":false},"excerpt":{"rendered":"<p>Montr\u00e9al, le 22 novembre 2022 \u2013 SANEXEN services environnementaux inc. (\u00ab SANEXEN \u00bb), une filiale de LOGISTEC Corporation (\u00ab LOGISTEC \u00bb), a remport\u00e9 pour une deuxi\u00e8me ann\u00e9e cons\u00e9cutive le prix Innovation et protection de l\u2019environnement du Conseil des entreprises en technologies environnementales du Qu\u00e9bec (\u00ab CETEQ \u00bb). Cette fois, c\u2019est sa solution novatrice ALTRA d\u2019\u00e9limination [&hellip;]<\/p>\n","protected":false},"author":17,"featured_media":831,"comment_status":"closed","ping_status":"closed","sticky":false,"template":"","format":"standard","meta":{"_acf_changed":false,"footnotes":""},"categories":[29,30],"tags":[],"class_list":["post-834","post","type-post","status-publish","format-standard","has-post-thumbnail","hentry","category-communiques","category-prix-reconnaissances"],"acf":[],"yoast_head":"<!-- This site is optimized with the Yoast SEO plugin v28.4 - https:\/\/yoast.com\/product\/yoast-seo-wordpress\/ -->\n<title>SANEXEN remporte le prix Innovation et protection de l\u2019environnement du CETEQ pour sa solution novatrice contre les PFAS: ALTRA | SANEXEN<\/title>\n<meta name=\"robots\" content=\"index, follow, max-snippet:-1, max-image-preview:large, max-video-preview:-1\" \/>\n<link rel=\"canonical\" href=\"https:\/\/sanexen.com\/fr\/2022\/11\/22\/sanexen-wins-innovation-and-environmental-protection-award-from-the-ceteq-for-its-innovative-solution-against-pfas-altra\/\" \/>\n<meta property=\"og:locale\" content=\"fr_FR\" \/>\n<meta property=\"og:type\" content=\"article\" \/>\n<meta property=\"og:title\" content=\"SANEXEN remporte le prix Innovation et protection de l\u2019environnement du CETEQ pour sa solution novatrice contre les PFAS: ALTRA | SANEXEN\" \/>\n<meta property=\"og:description\" content=\"Montr\u00e9al, le 22 novembre 2022 \u2013 SANEXEN services environnementaux inc. (\u00ab SANEXEN \u00bb), une filiale de LOGISTEC Corporation (\u00ab LOGISTEC \u00bb), a remport\u00e9 pour une deuxi\u00e8me ann\u00e9e cons\u00e9cutive le prix Innovation et protection de l\u2019environnement du Conseil des entreprises en technologies environnementales du Qu\u00e9bec (\u00ab CETEQ \u00bb). Cette fois, c\u2019est sa solution novatrice ALTRA d\u2019\u00e9limination [&hellip;]\" \/>\n<meta property=\"og:url\" content=\"https:\/\/sanexen.com\/fr\/2022\/11\/22\/sanexen-wins-innovation-and-environmental-protection-award-from-the-ceteq-for-its-innovative-solution-against-pfas-altra\/\" \/>\n<meta property=\"og:site_name\" content=\"SANEXEN\" \/>\n<meta property=\"article:publisher\" content=\"https:\/\/www.facebook.com\/sanexen.env\/\" \/>\n<meta property=\"article:published_time\" content=\"2022-11-22T19:26:00+00:00\" \/>\n<meta property=\"article:modified_time\" content=\"2026-08-19T14:19:37+00:00\" \/>\n<meta property=\"og:image\" content=\"https:\/\/sanexen.com\/wp-content\/uploads\/2023\/02\/ceteqgala22-photographescommercial-20-980x654-1.jpg\" \/>\n\t<meta property=\"og:image:width\" content=\"980\" \/>\n\t<meta property=\"og:image:height\" content=\"654\" \/>\n\t<meta property=\"og:image:type\" content=\"image\/jpeg\" \/>\n<meta name=\"author\" content=\"Marilyne Thomas\" \/>\n<meta name=\"twitter:card\" content=\"summary_large_image\" \/>\n<meta name=\"twitter:creator\" content=\"@sanexen_env\" \/>\n<meta name=\"twitter:site\" content=\"@sanexen_env\" \/>\n<meta name=\"twitter:label1\" content=\"\u00c9crit par\" \/>\n\t<meta name=\"twitter:data1\" content=\"Marilyne Thomas\" \/>\n\t<meta name=\"twitter:label2\" content=\"Dur\u00e9e de lecture estim\u00e9e\" \/>\n\t<meta name=\"twitter:data2\" content=\"2 minutes\" \/>\n<script type=\"application\/ld+json\" class=\"yoast-schema-graph\">{\"@context\":\"https:\\\/\\\/schema.org\",\"@graph\":[{\"@type\":\"Article\",\"@id\":\"https:\\\/\\\/sanexen.com\\\/fr\\\/2022\\\/11\\\/22\\\/sanexen-wins-innovation-and-environmental-protection-award-from-the-ceteq-for-its-innovative-solution-against-pfas-altra\\\/#article\",\"isPartOf\":{\"@id\":\"https:\\\/\\\/sanexen.com\\\/fr\\\/2022\\\/11\\\/22\\\/sanexen-wins-innovation-and-environmental-protection-award-from-the-ceteq-for-its-innovative-solution-against-pfas-altra\\\/\"},\"author\":{\"name\":\"Marilyne Thomas\",\"@id\":\"https:\\\/\\\/sanexen.com\\\/fr\\\/#\\\/schema\\\/person\\\/3c52368b62a30550e023fd775e22b537\"},\"headline\":\"SANEXEN remporte le prix Innovation et protection de l\u2019environnement du CETEQ pour sa solution novatrice contre les PFAS: ALTRA\",\"datePublished\":\"2022-11-22T19:26:00+00:00\",\"dateModified\":\"2026-08-19T14:19:37+00:00\",\"mainEntityOfPage\":{\"@id\":\"https:\\\/\\\/sanexen.com\\\/fr\\\/2022\\\/11\\\/22\\\/sanexen-wins-innovation-and-environmental-protection-award-from-the-ceteq-for-its-innovative-solution-against-pfas-altra\\\/\"},\"wordCount\":469,\"publisher\":{\"@id\":\"https:\\\/\\\/sanexen.com\\\/fr\\\/#organization\"},\"image\":{\"@id\":\"https:\\\/\\\/sanexen.com\\\/fr\\\/2022\\\/11\\\/22\\\/sanexen-wins-innovation-and-environmental-protection-award-from-the-ceteq-for-its-innovative-solution-against-pfas-altra\\\/#primaryimage\"},\"thumbnailUrl\":\"https:\\\/\\\/sanexen.com\\\/wp-content\\\/uploads\\\/2023\\\/02\\\/ceteqgala22-photographescommercial-20-980x654-1.jpg\",\"articleSection\":[\"Communiqu\u00e9s\",\"Prix et reconnaissances\"],\"inLanguage\":\"fr-FR\"},{\"@type\":\"WebPage\",\"@id\":\"https:\\\/\\\/sanexen.com\\\/fr\\\/2022\\\/11\\\/22\\\/sanexen-wins-innovation-and-environmental-protection-award-from-the-ceteq-for-its-innovative-solution-against-pfas-altra\\\/\",\"url\":\"https:\\\/\\\/sanexen.com\\\/fr\\\/2022\\\/11\\\/22\\\/sanexen-wins-innovation-and-environmental-protection-award-from-the-ceteq-for-its-innovative-solution-against-pfas-altra\\\/\",\"name\":\"SANEXEN remporte le prix Innovation et protection de l\u2019environnement du CETEQ pour sa solution novatrice contre les PFAS: ALTRA | SANEXEN\",\"isPartOf\":{\"@id\":\"https:\\\/\\\/sanexen.com\\\/fr\\\/#website\"},\"primaryImageOfPage\":{\"@id\":\"https:\\\/\\\/sanexen.com\\\/fr\\\/2022\\\/11\\\/22\\\/sanexen-wins-innovation-and-environmental-protection-award-from-the-ceteq-for-its-innovative-solution-against-pfas-altra\\\/#primaryimage\"},\"image\":{\"@id\":\"https:\\\/\\\/sanexen.com\\\/fr\\\/2022\\\/11\\\/22\\\/sanexen-wins-innovation-and-environmental-protection-award-from-the-ceteq-for-its-innovative-solution-against-pfas-altra\\\/#primaryimage\"},\"thumbnailUrl\":\"https:\\\/\\\/sanexen.com\\\/wp-content\\\/uploads\\\/2023\\\/02\\\/ceteqgala22-photographescommercial-20-980x654-1.jpg\",\"datePublished\":\"2022-11-22T19:26:00+00:00\",\"dateModified\":\"2026-08-19T14:19:37+00:00\",\"breadcrumb\":{\"@id\":\"https:\\\/\\\/sanexen.com\\\/fr\\\/2022\\\/11\\\/22\\\/sanexen-wins-innovation-and-environmental-protection-award-from-the-ceteq-for-its-innovative-solution-against-pfas-altra\\\/#breadcrumb\"},\"inLanguage\":\"fr-FR\",\"potentialAction\":[{\"@type\":\"ReadAction\",\"target\":[\"https:\\\/\\\/sanexen.com\\\/fr\\\/2022\\\/11\\\/22\\\/sanexen-wins-innovation-and-environmental-protection-award-from-the-ceteq-for-its-innovative-solution-against-pfas-altra\\\/\"]}]},{\"@type\":\"ImageObject\",\"inLanguage\":\"fr-FR\",\"@id\":\"https:\\\/\\\/sanexen.com\\\/fr\\\/2022\\\/11\\\/22\\\/sanexen-wins-innovation-and-environmental-protection-award-from-the-ceteq-for-its-innovative-solution-against-pfas-altra\\\/#primaryimage\",\"url\":\"https:\\\/\\\/sanexen.com\\\/wp-content\\\/uploads\\\/2023\\\/02\\\/ceteqgala22-photographescommercial-20-980x654-1.jpg\",\"contentUrl\":\"https:\\\/\\\/sanexen.com\\\/wp-content\\\/uploads\\\/2023\\\/02\\\/ceteqgala22-photographescommercial-20-980x654-1.jpg\",\"width\":980,\"height\":654},{\"@type\":\"BreadcrumbList\",\"@id\":\"https:\\\/\\\/sanexen.com\\\/fr\\\/2022\\\/11\\\/22\\\/sanexen-wins-innovation-and-environmental-protection-award-from-the-ceteq-for-its-innovative-solution-against-pfas-altra\\\/#breadcrumb\",\"itemListElement\":[{\"@type\":\"ListItem\",\"position\":1,\"name\":\"Home\",\"item\":\"https:\\\/\\\/sanexen.com\\\/fr\\\/home\\\/\"},{\"@type\":\"ListItem\",\"position\":2,\"name\":\"SANEXEN remporte le prix Innovation et protection de l\u2019environnement du CETEQ pour sa solution novatrice contre les PFAS: ALTRA\"}]},{\"@type\":\"WebSite\",\"@id\":\"https:\\\/\\\/sanexen.com\\\/fr\\\/#website\",\"url\":\"https:\\\/\\\/sanexen.com\\\/fr\\\/\",\"name\":\"SANEXEN\",\"description\":\"Driving innovation in environmental, water, climate change and circular economy solutions.\",\"publisher\":{\"@id\":\"https:\\\/\\\/sanexen.com\\\/fr\\\/#organization\"},\"alternateName\":\"Sanexen Services environnementaux\",\"potentialAction\":[{\"@type\":\"SearchAction\",\"target\":{\"@type\":\"EntryPoint\",\"urlTemplate\":\"https:\\\/\\\/sanexen.com\\\/fr\\\/?s={search_term_string}\"},\"query-input\":{\"@type\":\"PropertyValueSpecification\",\"valueRequired\":true,\"valueName\":\"search_term_string\"}}],\"inLanguage\":\"fr-FR\"},{\"@type\":\"Organization\",\"@id\":\"https:\\\/\\\/sanexen.com\\\/fr\\\/#organization\",\"name\":\"SANEXEN\",\"alternateName\":\"SANEXEN Services environnementaux\",\"url\":\"https:\\\/\\\/sanexen.com\\\/fr\\\/\",\"logo\":{\"@type\":\"ImageObject\",\"inLanguage\":\"fr-FR\",\"@id\":\"https:\\\/\\\/sanexen.com\\\/fr\\\/#\\\/schema\\\/logo\\\/image\\\/\",\"url\":\"https:\\\/\\\/sanexen.com\\\/wp-content\\\/uploads\\\/2025\\\/11\\\/SNX-logo-696X696.png\",\"contentUrl\":\"https:\\\/\\\/sanexen.com\\\/wp-content\\\/uploads\\\/2025\\\/11\\\/SNX-logo-696X696.png\",\"width\":696,\"height\":696,\"caption\":\"SANEXEN\"},\"image\":{\"@id\":\"https:\\\/\\\/sanexen.com\\\/fr\\\/#\\\/schema\\\/logo\\\/image\\\/\"},\"sameAs\":[\"https:\\\/\\\/www.facebook.com\\\/sanexen.env\\\/\",\"https:\\\/\\\/x.com\\\/sanexen_env\",\"https:\\\/\\\/www.linkedin.com\\\/company\\\/sanexen-env\",\"https:\\\/\\\/www.youtube.com\\\/@sanexen-env\"]},{\"@type\":\"Person\",\"@id\":\"https:\\\/\\\/sanexen.com\\\/fr\\\/#\\\/schema\\\/person\\\/3c52368b62a30550e023fd775e22b537\",\"name\":\"Marilyne Thomas\",\"image\":{\"@type\":\"ImageObject\",\"inLanguage\":\"fr-FR\",\"@id\":\"https:\\\/\\\/secure.gravatar.com\\\/avatar\\\/60c9d972f84577233acece740ecda8c054bc8f02e2fab9dcbff2b5c83d7af764?s=96&d=mm&r=g\",\"url\":\"https:\\\/\\\/secure.gravatar.com\\\/avatar\\\/60c9d972f84577233acece740ecda8c054bc8f02e2fab9dcbff2b5c83d7af764?s=96&d=mm&r=g\",\"contentUrl\":\"https:\\\/\\\/secure.gravatar.com\\\/avatar\\\/60c9d972f84577233acece740ecda8c054bc8f02e2fab9dcbff2b5c83d7af764?s=96&d=mm&r=g\",\"caption\":\"Marilyne Thomas\"},\"url\":\"https:\\\/\\\/sanexen.com\\\/fr\\\/author\\\/mthomassanexen-com\\\/\"}]}<\/script>\n<!-- \/ Yoast SEO plugin. -->","yoast_head_json":{"title":"SANEXEN remporte le prix Innovation et protection de l\u2019environnement du CETEQ pour sa solution novatrice contre les PFAS: ALTRA | SANEXEN","robots":{"index":"index","follow":"follow","max-snippet":"max-snippet:-1","max-image-preview":"max-image-preview:large","max-video-preview":"max-video-preview:-1"},"canonical":"https:\/\/sanexen.com\/fr\/2022\/11\/22\/sanexen-wins-innovation-and-environmental-protection-award-from-the-ceteq-for-its-innovative-solution-against-pfas-altra\/","og_locale":"fr_FR","og_type":"article","og_title":"SANEXEN remporte le prix Innovation et protection de l\u2019environnement du CETEQ pour sa solution novatrice contre les PFAS: ALTRA | SANEXEN","og_description":"Montr\u00e9al, le 22 novembre 2022 \u2013 SANEXEN services environnementaux inc. (\u00ab SANEXEN \u00bb), une filiale de LOGISTEC Corporation (\u00ab LOGISTEC \u00bb), a remport\u00e9 pour une deuxi\u00e8me ann\u00e9e cons\u00e9cutive le prix Innovation et protection de l\u2019environnement du Conseil des entreprises en technologies environnementales du Qu\u00e9bec (\u00ab CETEQ \u00bb). Cette fois, c\u2019est sa solution novatrice ALTRA d\u2019\u00e9limination [&hellip;]","og_url":"https:\/\/sanexen.com\/fr\/2022\/11\/22\/sanexen-wins-innovation-and-environmental-protection-award-from-the-ceteq-for-its-innovative-solution-against-pfas-altra\/","og_site_name":"SANEXEN","article_publisher":"https:\/\/www.facebook.com\/sanexen.env\/","article_published_time":"2022-11-22T19:26:00+00:00","article_modified_time":"2026-08-19T14:19:37+00:00","og_image":[{"width":980,"height":654,"url":"https:\/\/sanexen.com\/wp-content\/uploads\/2023\/02\/ceteqgala22-photographescommercial-20-980x654-1.jpg","type":"image\/jpeg"}],"author":"Marilyne Thomas","twitter_card":"summary_large_image","twitter_creator":"@sanexen_env","twitter_site":"@sanexen_env","twitter_misc":{"\u00c9crit par":"Marilyne Thomas","Dur\u00e9e de lecture estim\u00e9e":"2 minutes"},"schema":{"@context":"https:\/\/schema.org","@graph":[{"@type":"Article","@id":"https:\/\/sanexen.com\/fr\/2022\/11\/22\/sanexen-wins-innovation-and-environmental-protection-award-from-the-ceteq-for-its-innovative-solution-against-pfas-altra\/#article","isPartOf":{"@id":"https:\/\/sanexen.com\/fr\/2022\/11\/22\/sanexen-wins-innovation-and-environmental-protection-award-from-the-ceteq-for-its-innovative-solution-against-pfas-altra\/"},"author":{"name":"Marilyne Thomas","@id":"https:\/\/sanexen.com\/fr\/#\/schema\/person\/3c52368b62a30550e023fd775e22b537"},"headline":"SANEXEN remporte le prix Innovation et protection de l\u2019environnement du CETEQ pour sa solution novatrice contre les PFAS: ALTRA","datePublished":"2022-11-22T19:26:00+00:00","dateModified":"2026-08-19T14:19:37+00:00","mainEntityOfPage":{"@id":"https:\/\/sanexen.com\/fr\/2022\/11\/22\/sanexen-wins-innovation-and-environmental-protection-award-from-the-ceteq-for-its-innovative-solution-against-pfas-altra\/"},"wordCount":469,"publisher":{"@id":"https:\/\/sanexen.com\/fr\/#organization"},"image":{"@id":"https:\/\/sanexen.com\/fr\/2022\/11\/22\/sanexen-wins-innovation-and-environmental-protection-award-from-the-ceteq-for-its-innovative-solution-against-pfas-altra\/#primaryimage"},"thumbnailUrl":"https:\/\/sanexen.com\/wp-content\/uploads\/2023\/02\/ceteqgala22-photographescommercial-20-980x654-1.jpg","articleSection":["Communiqu\u00e9s","Prix et reconnaissances"],"inLanguage":"fr-FR"},{"@type":"WebPage","@id":"https:\/\/sanexen.com\/fr\/2022\/11\/22\/sanexen-wins-innovation-and-environmental-protection-award-from-the-ceteq-for-its-innovative-solution-against-pfas-altra\/","url":"https:\/\/sanexen.com\/fr\/2022\/11\/22\/sanexen-wins-innovation-and-environmental-protection-award-from-the-ceteq-for-its-innovative-solution-against-pfas-altra\/","name":"SANEXEN remporte le prix Innovation et protection de l\u2019environnement du CETEQ pour sa solution novatrice contre les PFAS: ALTRA | SANEXEN","isPartOf":{"@id":"https:\/\/sanexen.com\/fr\/#website"},"primaryImageOfPage":{"@id":"https:\/\/sanexen.com\/fr\/2022\/11\/22\/sanexen-wins-innovation-and-environmental-protection-award-from-the-ceteq-for-its-innovative-solution-against-pfas-altra\/#primaryimage"},"image":{"@id":"https:\/\/sanexen.com\/fr\/2022\/11\/22\/sanexen-wins-innovation-and-environmental-protection-award-from-the-ceteq-for-its-innovative-solution-against-pfas-altra\/#primaryimage"},"thumbnailUrl":"https:\/\/sanexen.com\/wp-content\/uploads\/2023\/02\/ceteqgala22-photographescommercial-20-980x654-1.jpg","datePublished":"2022-11-22T19:26:00+00:00","dateModified":"2026-08-19T14:19:37+00:00","breadcrumb":{"@id":"https:\/\/sanexen.com\/fr\/2022\/11\/22\/sanexen-wins-innovation-and-environmental-protection-award-from-the-ceteq-for-its-innovative-solution-against-pfas-altra\/#breadcrumb"},"inLanguage":"fr-FR","potentialAction":[{"@type":"ReadAction","target":["https:\/\/sanexen.com\/fr\/2022\/11\/22\/sanexen-wins-innovation-and-environmental-protection-award-from-the-ceteq-for-its-innovative-solution-against-pfas-altra\/"]}]},{"@type":"ImageObject","inLanguage":"fr-FR","@id":"https:\/\/sanexen.com\/fr\/2022\/11\/22\/sanexen-wins-innovation-and-environmental-protection-award-from-the-ceteq-for-its-innovative-solution-against-pfas-altra\/#primaryimage","url":"https:\/\/sanexen.com\/wp-content\/uploads\/2023\/02\/ceteqgala22-photographescommercial-20-980x654-1.jpg","contentUrl":"https:\/\/sanexen.com\/wp-content\/uploads\/2023\/02\/ceteqgala22-photographescommercial-20-980x654-1.jpg","width":980,"height":654},{"@type":"BreadcrumbList","@id":"https:\/\/sanexen.com\/fr\/2022\/11\/22\/sanexen-wins-innovation-and-environmental-protection-award-from-the-ceteq-for-its-innovative-solution-against-pfas-altra\/#breadcrumb","itemListElement":[{"@type":"ListItem","position":1,"name":"Home","item":"https:\/\/sanexen.com\/fr\/home\/"},{"@type":"ListItem","position":2,"name":"SANEXEN remporte le prix Innovation et protection de l\u2019environnement du CETEQ pour sa solution novatrice contre les PFAS: ALTRA"}]},{"@type":"WebSite","@id":"https:\/\/sanexen.com\/fr\/#website","url":"https:\/\/sanexen.com\/fr\/","name":"SANEXEN","description":"Driving innovation in environmental, water, climate change and circular economy solutions.","publisher":{"@id":"https:\/\/sanexen.com\/fr\/#organization"},"alternateName":"Sanexen Services environnementaux","potentialAction":[{"@type":"SearchAction","target":{"@type":"EntryPoint","urlTemplate":"https:\/\/sanexen.com\/fr\/?s={search_term_string}"},"query-input":{"@type":"PropertyValueSpecification","valueRequired":true,"valueName":"search_term_string"}}],"inLanguage":"fr-FR"},{"@type":"Organization","@id":"https:\/\/sanexen.com\/fr\/#organization","name":"SANEXEN","alternateName":"SANEXEN Services environnementaux","url":"https:\/\/sanexen.com\/fr\/","logo":{"@type":"ImageObject","inLanguage":"fr-FR","@id":"https:\/\/sanexen.com\/fr\/#\/schema\/logo\/image\/","url":"https:\/\/sanexen.com\/wp-content\/uploads\/2025\/11\/SNX-logo-696X696.png","contentUrl":"https:\/\/sanexen.com\/wp-content\/uploads\/2025\/11\/SNX-logo-696X696.png","width":696,"height":696,"caption":"SANEXEN"},"image":{"@id":"https:\/\/sanexen.com\/fr\/#\/schema\/logo\/image\/"},"sameAs":["https:\/\/www.facebook.com\/sanexen.env\/","https:\/\/x.com\/sanexen_env","https:\/\/www.linkedin.com\/company\/sanexen-env","https:\/\/www.youtube.com\/@sanexen-env"]},{"@type":"Person","@id":"https:\/\/sanexen.com\/fr\/#\/schema\/person\/3c52368b62a30550e023fd775e22b537","name":"Marilyne Thomas","image":{"@type":"ImageObject","inLanguage":"fr-FR","@id":"https:\/\/secure.gravatar.com\/avatar\/60c9d972f84577233acece740ecda8c054bc8f02e2fab9dcbff2b5c83d7af764?s=96&d=mm&r=g","url":"https:\/\/secure.gravatar.com\/avatar\/60c9d972f84577233acece740ecda8c054bc8f02e2fab9dcbff2b5c83d7af764?s=96&d=mm&r=g","contentUrl":"https:\/\/secure.gravatar.com\/avatar\/60c9d972f84577233acece740ecda8c054bc8f02e2fab9dcbff2b5c83d7af764?s=96&d=mm&r=g","caption":"Marilyne Thomas"},"url":"https:\/\/sanexen.com\/fr\/author\/mthomassanexen-com\/"}]}},"_links":{"self":[{"href":"https:\/\/sanexen.com\/fr\/wp-json\/wp\/v2\/posts\/834","targetHints":{"allow":["GET"]}}],"collection":[{"href":"https:\/\/sanexen.com\/fr\/wp-json\/wp\/v2\/posts"}],"about":[{"href":"https:\/\/sanexen.com\/fr\/wp-json\/wp\/v2\/types\/post"}],"author":[{"embeddable":true,"href":"https:\/\/sanexen.com\/fr\/wp-json\/wp\/v2\/users\/17"}],"replies":[{"embeddable":true,"href":"https:\/\/sanexen.com\/fr\/wp-json\/wp\/v2\/comments?post=834"}],"version-history":[{"count":1,"href":"https:\/\/sanexen.com\/fr\/wp-json\/wp\/v2\/posts\/834\/revisions"}],"predecessor-version":[{"id":23472,"href":"https:\/\/sanexen.com\/fr\/wp-json\/wp\/v2\/posts\/834\/revisions\/23472"}],"wp:featuredmedia":[{"embeddable":true,"href":"https:\/\/sanexen.com\/fr\/wp-json\/wp\/v2\/media\/831"}],"wp:attachment":[{"href":"https:\/\/sanexen.com\/fr\/wp-json\/wp\/v2\/media?parent=834"}],"wp:term":[{"taxonomy":"category","embeddable":true,"href":"https:\/\/sanexen.com\/fr\/wp-json\/wp\/v2\/categories?post=834"},{"taxonomy":"post_tag","embeddable":true,"href":"https:\/\/sanexen.com\/fr\/wp-json\/wp\/v2\/tags?post=834"}],"curies":[{"name":"wp","href":"https:\/\/api.w.org\/{rel}","templated":true}]}}