{"id":819,"date":"2022-05-19T13:34:00","date_gmt":"2022-05-19T17:34:00","guid":{"rendered":"http:\/\/3.96.229.193\/2022\/05\/19\/sanexen-receives-the-distinction-award-for-best-company-and-organization-from-reseau-environnement\/"},"modified":"2026-08-19T10:20:38","modified_gmt":"2026-08-19T14:20:38","slug":"sanexen-recoit-le-prix-distinction-meilleure-entreprise-et-organisation-de-reseau-environnement","status":"publish","type":"post","link":"https:\/\/sanexen.com\/fr\/2022\/05\/19\/sanexen-recoit-le-prix-distinction-meilleure-entreprise-et-organisation-de-reseau-environnement\/","title":{"rendered":"SANEXEN re\u00e7oit le prix Distinction Meilleure entreprise et organisation de R\u00e9seau Environnement"},"content":{"rendered":"\n<p class=\"wp-block-paragraph\">R\u00e9seau Environnement a reconnu l\u2019apport exceptionnel en environnement de SANEXEN services environnementaux inc. (\u00ab&nbsp;SANEXEN&nbsp;\u00bb), une filiale de LOGISTEC Corporation (\u00ab&nbsp;LOGISTEC&nbsp;\u00bb), en lui d\u00e9cernant le prix Distinction Meilleure entreprise et organisation.<\/p>\n\n\n\n<p class=\"wp-block-paragraph\">\u00ab Ce prix prestigieux reconna\u00eet le travail exceptionnel r\u00e9alis\u00e9 par notre \u00e9quipe afin de pr\u00e9server et renouveler les richesses naturelles du Qu\u00e9bec. Les initiatives de SANEXEN sont nombreuses et vari\u00e9es en mati\u00e8re d\u2019innovation et se traduisent par des interventions environnementales concr\u00e8tes sur le terrain, des investissements financiers importants, ainsi qu\u2019une collaboration \u00e9troite avec nos clients, nos partenaires de la communaut\u00e9 et les grands joueurs \u0153uvrant dans le domaine de l\u2019environnement&nbsp;\u00bb, a d\u00e9clar\u00e9 avec fiert\u00e9 Jean-Fran\u00e7ois Bolduc, pr\u00e9sident de LOGISTEC services environnementaux inc. et de SANEXEN.<\/p>\n\n\n\n<p class=\"wp-block-paragraph\">\u00ab&nbsp;Au cours de nos 37 ann\u00e9es d\u2019histoire, SANEXEN s\u2019est fait un devoir de mettre son expertise et son exp\u00e9rience sur le terrain au profit de ses clients et ses communaut\u00e9s. L\u2019\u00e9volution des grands enjeux en environnement au Qu\u00e9bec a toujours \u00e9t\u00e9 au centre des pr\u00e9occupations de notre \u00e9quipe, et celle-ci a su se distinguer comme acteur majeur aupr\u00e8s de l\u2019industrie&nbsp;\u00bb, a ajout\u00e9 Madeleine Paquin, pr\u00e9sidente et chef de la direction de LOGISTEC.<\/p>\n\n\n\n<p class=\"wp-block-paragraph\">Le prix a \u00e9t\u00e9 d\u00e9cern\u00e9 lors de la C\u00e9r\u00e9monie des Distinctions qui a eu lieu le 18 mai \u00e0 Qu\u00e9bec, \u00e0 l\u2019occasion de la 14<sup>e<\/sup>&nbsp;\u00e9dition du Salon des technologies environnementales du Qu\u00e9bec 2022.&nbsp; La C\u00e9r\u00e9monie des Distinctions vise \u00e0 faire conna\u00eetre le savoir-faire qu\u00e9b\u00e9cois en environnement, \u00e0 souligner l\u2019excellence dans le d\u00e9veloppement des technologies environnementales, ainsi que le d\u00e9vouement et le travail des membres et des b\u00e9n\u00e9voles de R\u00e9seau Environnement.<\/p>\n\n\n\n<p class=\"wp-block-paragraph\"><\/p>\n\n\n\n<p class=\"wp-block-paragraph\"><strong>Renseignements :<\/strong><\/p>\n\n\n\n<p class=\"wp-block-paragraph\">Marie-Chantal Savoy<br>Vice-pr\u00e9sidente, strat\u00e9gie et communications<br><\/p>\n\n\n\n<p class=\"wp-block-paragraph\"><\/p>\n\n\n\n<p class=\"wp-block-paragraph\"><\/p>\n","protected":false},"excerpt":{"rendered":"<p>R\u00e9seau Environnement a reconnu l\u2019apport exceptionnel en environnement de SANEXEN services environnementaux inc. (\u00ab&nbsp;SANEXEN&nbsp;\u00bb), une filiale de LOGISTEC Corporation (\u00ab&nbsp;LOGISTEC&nbsp;\u00bb), en lui d\u00e9cernant le prix Distinction Meilleure entreprise et organisation. \u00ab Ce prix prestigieux reconna\u00eet le travail exceptionnel r\u00e9alis\u00e9 par notre \u00e9quipe afin de pr\u00e9server et renouveler les richesses naturelles du Qu\u00e9bec. Les initiatives de [&hellip;]<\/p>\n","protected":false},"author":17,"featured_media":816,"comment_status":"closed","ping_status":"closed","sticky":false,"template":"","format":"standard","meta":{"_acf_changed":false,"footnotes":""},"categories":[29,30],"tags":[],"class_list":["post-819","post","type-post","status-publish","format-standard","has-post-thumbnail","hentry","category-communiques","category-prix-reconnaissances"],"acf":[],"yoast_head":"<!-- This site is optimized with the Yoast SEO plugin v28.4 - https:\/\/yoast.com\/product\/yoast-seo-wordpress\/ -->\n<title>SANEXEN re\u00e7oit le prix Distinction Meilleure entreprise et organisation de R\u00e9seau Environnement | SANEXEN<\/title>\n<meta name=\"robots\" content=\"index, follow, max-snippet:-1, max-image-preview:large, max-video-preview:-1\" \/>\n<link rel=\"canonical\" href=\"https:\/\/sanexen.com\/fr\/2022\/05\/19\/sanexen-recoit-le-prix-distinction-meilleure-entreprise-et-organisation-de-reseau-environnement\/\" \/>\n<meta property=\"og:locale\" content=\"fr_FR\" \/>\n<meta property=\"og:type\" content=\"article\" \/>\n<meta property=\"og:title\" content=\"SANEXEN re\u00e7oit le prix Distinction Meilleure entreprise et organisation de R\u00e9seau Environnement | SANEXEN\" \/>\n<meta property=\"og:description\" content=\"R\u00e9seau Environnement a reconnu l\u2019apport exceptionnel en environnement de SANEXEN services environnementaux inc. (\u00ab&nbsp;SANEXEN&nbsp;\u00bb), une filiale de LOGISTEC Corporation (\u00ab&nbsp;LOGISTEC&nbsp;\u00bb), en lui d\u00e9cernant le prix Distinction Meilleure entreprise et organisation. \u00ab Ce prix prestigieux reconna\u00eet le travail exceptionnel r\u00e9alis\u00e9 par notre \u00e9quipe afin de pr\u00e9server et renouveler les richesses naturelles du Qu\u00e9bec. Les initiatives de [&hellip;]\" \/>\n<meta property=\"og:url\" content=\"https:\/\/sanexen.com\/fr\/2022\/05\/19\/sanexen-recoit-le-prix-distinction-meilleure-entreprise-et-organisation-de-reseau-environnement\/\" \/>\n<meta property=\"og:site_name\" content=\"SANEXEN\" \/>\n<meta property=\"article:publisher\" content=\"https:\/\/www.facebook.com\/sanexen.env\/\" \/>\n<meta property=\"article:published_time\" content=\"2022-05-19T17:34:00+00:00\" \/>\n<meta property=\"article:modified_time\" content=\"2026-08-19T14:20:38+00:00\" \/>\n<meta property=\"og:image\" content=\"https:\/\/sanexen.com\/wp-content\/uploads\/2023\/02\/prix-reseau-environnement-2022-jfb-copy-small.jpg\" \/>\n\t<meta property=\"og:image:width\" content=\"1000\" \/>\n\t<meta property=\"og:image:height\" content=\"667\" \/>\n\t<meta property=\"og:image:type\" content=\"image\/jpeg\" \/>\n<meta name=\"author\" content=\"Marilyne Thomas\" \/>\n<meta name=\"twitter:card\" content=\"summary_large_image\" \/>\n<meta name=\"twitter:creator\" content=\"@sanexen_env\" \/>\n<meta name=\"twitter:site\" content=\"@sanexen_env\" \/>\n<meta name=\"twitter:label1\" content=\"\u00c9crit par\" \/>\n\t<meta name=\"twitter:data1\" content=\"Marilyne Thomas\" \/>\n\t<meta name=\"twitter:label2\" content=\"Dur\u00e9e de lecture estim\u00e9e\" \/>\n\t<meta name=\"twitter:data2\" content=\"2 minutes\" \/>\n<script type=\"application\/ld+json\" class=\"yoast-schema-graph\">{\"@context\":\"https:\\\/\\\/schema.org\",\"@graph\":[{\"@type\":\"Article\",\"@id\":\"https:\\\/\\\/sanexen.com\\\/fr\\\/2022\\\/05\\\/19\\\/sanexen-recoit-le-prix-distinction-meilleure-entreprise-et-organisation-de-reseau-environnement\\\/#article\",\"isPartOf\":{\"@id\":\"https:\\\/\\\/sanexen.com\\\/fr\\\/2022\\\/05\\\/19\\\/sanexen-recoit-le-prix-distinction-meilleure-entreprise-et-organisation-de-reseau-environnement\\\/\"},\"author\":{\"name\":\"Marilyne Thomas\",\"@id\":\"https:\\\/\\\/sanexen.com\\\/fr\\\/#\\\/schema\\\/person\\\/3c52368b62a30550e023fd775e22b537\"},\"headline\":\"SANEXEN re\u00e7oit le prix Distinction Meilleure entreprise et organisation de R\u00e9seau Environnement\",\"datePublished\":\"2022-05-19T17:34:00+00:00\",\"dateModified\":\"2026-08-19T14:20:38+00:00\",\"mainEntityOfPage\":{\"@id\":\"https:\\\/\\\/sanexen.com\\\/fr\\\/2022\\\/05\\\/19\\\/sanexen-recoit-le-prix-distinction-meilleure-entreprise-et-organisation-de-reseau-environnement\\\/\"},\"wordCount\":325,\"publisher\":{\"@id\":\"https:\\\/\\\/sanexen.com\\\/fr\\\/#organization\"},\"image\":{\"@id\":\"https:\\\/\\\/sanexen.com\\\/fr\\\/2022\\\/05\\\/19\\\/sanexen-recoit-le-prix-distinction-meilleure-entreprise-et-organisation-de-reseau-environnement\\\/#primaryimage\"},\"thumbnailUrl\":\"https:\\\/\\\/sanexen.com\\\/wp-content\\\/uploads\\\/2023\\\/02\\\/prix-reseau-environnement-2022-jfb-copy-small.jpg\",\"articleSection\":[\"Communiqu\u00e9s\",\"Prix et reconnaissances\"],\"inLanguage\":\"fr-FR\"},{\"@type\":\"WebPage\",\"@id\":\"https:\\\/\\\/sanexen.com\\\/fr\\\/2022\\\/05\\\/19\\\/sanexen-recoit-le-prix-distinction-meilleure-entreprise-et-organisation-de-reseau-environnement\\\/\",\"url\":\"https:\\\/\\\/sanexen.com\\\/fr\\\/2022\\\/05\\\/19\\\/sanexen-recoit-le-prix-distinction-meilleure-entreprise-et-organisation-de-reseau-environnement\\\/\",\"name\":\"SANEXEN re\u00e7oit le prix Distinction Meilleure entreprise et organisation de R\u00e9seau Environnement | SANEXEN\",\"isPartOf\":{\"@id\":\"https:\\\/\\\/sanexen.com\\\/fr\\\/#website\"},\"primaryImageOfPage\":{\"@id\":\"https:\\\/\\\/sanexen.com\\\/fr\\\/2022\\\/05\\\/19\\\/sanexen-recoit-le-prix-distinction-meilleure-entreprise-et-organisation-de-reseau-environnement\\\/#primaryimage\"},\"image\":{\"@id\":\"https:\\\/\\\/sanexen.com\\\/fr\\\/2022\\\/05\\\/19\\\/sanexen-recoit-le-prix-distinction-meilleure-entreprise-et-organisation-de-reseau-environnement\\\/#primaryimage\"},\"thumbnailUrl\":\"https:\\\/\\\/sanexen.com\\\/wp-content\\\/uploads\\\/2023\\\/02\\\/prix-reseau-environnement-2022-jfb-copy-small.jpg\",\"datePublished\":\"2022-05-19T17:34:00+00:00\",\"dateModified\":\"2026-08-19T14:20:38+00:00\",\"breadcrumb\":{\"@id\":\"https:\\\/\\\/sanexen.com\\\/fr\\\/2022\\\/05\\\/19\\\/sanexen-recoit-le-prix-distinction-meilleure-entreprise-et-organisation-de-reseau-environnement\\\/#breadcrumb\"},\"inLanguage\":\"fr-FR\",\"potentialAction\":[{\"@type\":\"ReadAction\",\"target\":[\"https:\\\/\\\/sanexen.com\\\/fr\\\/2022\\\/05\\\/19\\\/sanexen-recoit-le-prix-distinction-meilleure-entreprise-et-organisation-de-reseau-environnement\\\/\"]}]},{\"@type\":\"ImageObject\",\"inLanguage\":\"fr-FR\",\"@id\":\"https:\\\/\\\/sanexen.com\\\/fr\\\/2022\\\/05\\\/19\\\/sanexen-recoit-le-prix-distinction-meilleure-entreprise-et-organisation-de-reseau-environnement\\\/#primaryimage\",\"url\":\"https:\\\/\\\/sanexen.com\\\/wp-content\\\/uploads\\\/2023\\\/02\\\/prix-reseau-environnement-2022-jfb-copy-small.jpg\",\"contentUrl\":\"https:\\\/\\\/sanexen.com\\\/wp-content\\\/uploads\\\/2023\\\/02\\\/prix-reseau-environnement-2022-jfb-copy-small.jpg\",\"width\":1000,\"height\":667},{\"@type\":\"BreadcrumbList\",\"@id\":\"https:\\\/\\\/sanexen.com\\\/fr\\\/2022\\\/05\\\/19\\\/sanexen-recoit-le-prix-distinction-meilleure-entreprise-et-organisation-de-reseau-environnement\\\/#breadcrumb\",\"itemListElement\":[{\"@type\":\"ListItem\",\"position\":1,\"name\":\"Home\",\"item\":\"https:\\\/\\\/sanexen.com\\\/fr\\\/home\\\/\"},{\"@type\":\"ListItem\",\"position\":2,\"name\":\"SANEXEN re\u00e7oit le prix Distinction Meilleure entreprise et organisation de R\u00e9seau Environnement\"}]},{\"@type\":\"WebSite\",\"@id\":\"https:\\\/\\\/sanexen.com\\\/fr\\\/#website\",\"url\":\"https:\\\/\\\/sanexen.com\\\/fr\\\/\",\"name\":\"SANEXEN\",\"description\":\"Driving innovation in environmental, water, climate change and circular economy solutions.\",\"publisher\":{\"@id\":\"https:\\\/\\\/sanexen.com\\\/fr\\\/#organization\"},\"alternateName\":\"Sanexen Services environnementaux\",\"potentialAction\":[{\"@type\":\"SearchAction\",\"target\":{\"@type\":\"EntryPoint\",\"urlTemplate\":\"https:\\\/\\\/sanexen.com\\\/fr\\\/?s={search_term_string}\"},\"query-input\":{\"@type\":\"PropertyValueSpecification\",\"valueRequired\":true,\"valueName\":\"search_term_string\"}}],\"inLanguage\":\"fr-FR\"},{\"@type\":\"Organization\",\"@id\":\"https:\\\/\\\/sanexen.com\\\/fr\\\/#organization\",\"name\":\"SANEXEN\",\"alternateName\":\"SANEXEN Services environnementaux\",\"url\":\"https:\\\/\\\/sanexen.com\\\/fr\\\/\",\"logo\":{\"@type\":\"ImageObject\",\"inLanguage\":\"fr-FR\",\"@id\":\"https:\\\/\\\/sanexen.com\\\/fr\\\/#\\\/schema\\\/logo\\\/image\\\/\",\"url\":\"https:\\\/\\\/sanexen.com\\\/wp-content\\\/uploads\\\/2025\\\/11\\\/SNX-logo-696X696.png\",\"contentUrl\":\"https:\\\/\\\/sanexen.com\\\/wp-content\\\/uploads\\\/2025\\\/11\\\/SNX-logo-696X696.png\",\"width\":696,\"height\":696,\"caption\":\"SANEXEN\"},\"image\":{\"@id\":\"https:\\\/\\\/sanexen.com\\\/fr\\\/#\\\/schema\\\/logo\\\/image\\\/\"},\"sameAs\":[\"https:\\\/\\\/www.facebook.com\\\/sanexen.env\\\/\",\"https:\\\/\\\/x.com\\\/sanexen_env\",\"https:\\\/\\\/www.linkedin.com\\\/company\\\/sanexen-env\",\"https:\\\/\\\/www.youtube.com\\\/@sanexen-env\"]},{\"@type\":\"Person\",\"@id\":\"https:\\\/\\\/sanexen.com\\\/fr\\\/#\\\/schema\\\/person\\\/3c52368b62a30550e023fd775e22b537\",\"name\":\"Marilyne Thomas\",\"image\":{\"@type\":\"ImageObject\",\"inLanguage\":\"fr-FR\",\"@id\":\"https:\\\/\\\/secure.gravatar.com\\\/avatar\\\/60c9d972f84577233acece740ecda8c054bc8f02e2fab9dcbff2b5c83d7af764?s=96&d=mm&r=g\",\"url\":\"https:\\\/\\\/secure.gravatar.com\\\/avatar\\\/60c9d972f84577233acece740ecda8c054bc8f02e2fab9dcbff2b5c83d7af764?s=96&d=mm&r=g\",\"contentUrl\":\"https:\\\/\\\/secure.gravatar.com\\\/avatar\\\/60c9d972f84577233acece740ecda8c054bc8f02e2fab9dcbff2b5c83d7af764?s=96&d=mm&r=g\",\"caption\":\"Marilyne Thomas\"},\"url\":\"https:\\\/\\\/sanexen.com\\\/fr\\\/author\\\/mthomassanexen-com\\\/\"}]}<\/script>\n<!-- \/ Yoast SEO plugin. -->","yoast_head_json":{"title":"SANEXEN re\u00e7oit le prix Distinction Meilleure entreprise et organisation de R\u00e9seau Environnement | SANEXEN","robots":{"index":"index","follow":"follow","max-snippet":"max-snippet:-1","max-image-preview":"max-image-preview:large","max-video-preview":"max-video-preview:-1"},"canonical":"https:\/\/sanexen.com\/fr\/2022\/05\/19\/sanexen-recoit-le-prix-distinction-meilleure-entreprise-et-organisation-de-reseau-environnement\/","og_locale":"fr_FR","og_type":"article","og_title":"SANEXEN re\u00e7oit le prix Distinction Meilleure entreprise et organisation de R\u00e9seau Environnement | SANEXEN","og_description":"R\u00e9seau Environnement a reconnu l\u2019apport exceptionnel en environnement de SANEXEN services environnementaux inc. (\u00ab&nbsp;SANEXEN&nbsp;\u00bb), une filiale de LOGISTEC Corporation (\u00ab&nbsp;LOGISTEC&nbsp;\u00bb), en lui d\u00e9cernant le prix Distinction Meilleure entreprise et organisation. \u00ab Ce prix prestigieux reconna\u00eet le travail exceptionnel r\u00e9alis\u00e9 par notre \u00e9quipe afin de pr\u00e9server et renouveler les richesses naturelles du Qu\u00e9bec. Les initiatives de [&hellip;]","og_url":"https:\/\/sanexen.com\/fr\/2022\/05\/19\/sanexen-recoit-le-prix-distinction-meilleure-entreprise-et-organisation-de-reseau-environnement\/","og_site_name":"SANEXEN","article_publisher":"https:\/\/www.facebook.com\/sanexen.env\/","article_published_time":"2022-05-19T17:34:00+00:00","article_modified_time":"2026-08-19T14:20:38+00:00","og_image":[{"width":1000,"height":667,"url":"https:\/\/sanexen.com\/wp-content\/uploads\/2023\/02\/prix-reseau-environnement-2022-jfb-copy-small.jpg","type":"image\/jpeg"}],"author":"Marilyne Thomas","twitter_card":"summary_large_image","twitter_creator":"@sanexen_env","twitter_site":"@sanexen_env","twitter_misc":{"\u00c9crit par":"Marilyne Thomas","Dur\u00e9e de lecture estim\u00e9e":"2 minutes"},"schema":{"@context":"https:\/\/schema.org","@graph":[{"@type":"Article","@id":"https:\/\/sanexen.com\/fr\/2022\/05\/19\/sanexen-recoit-le-prix-distinction-meilleure-entreprise-et-organisation-de-reseau-environnement\/#article","isPartOf":{"@id":"https:\/\/sanexen.com\/fr\/2022\/05\/19\/sanexen-recoit-le-prix-distinction-meilleure-entreprise-et-organisation-de-reseau-environnement\/"},"author":{"name":"Marilyne Thomas","@id":"https:\/\/sanexen.com\/fr\/#\/schema\/person\/3c52368b62a30550e023fd775e22b537"},"headline":"SANEXEN re\u00e7oit le prix Distinction Meilleure entreprise et organisation de R\u00e9seau Environnement","datePublished":"2022-05-19T17:34:00+00:00","dateModified":"2026-08-19T14:20:38+00:00","mainEntityOfPage":{"@id":"https:\/\/sanexen.com\/fr\/2022\/05\/19\/sanexen-recoit-le-prix-distinction-meilleure-entreprise-et-organisation-de-reseau-environnement\/"},"wordCount":325,"publisher":{"@id":"https:\/\/sanexen.com\/fr\/#organization"},"image":{"@id":"https:\/\/sanexen.com\/fr\/2022\/05\/19\/sanexen-recoit-le-prix-distinction-meilleure-entreprise-et-organisation-de-reseau-environnement\/#primaryimage"},"thumbnailUrl":"https:\/\/sanexen.com\/wp-content\/uploads\/2023\/02\/prix-reseau-environnement-2022-jfb-copy-small.jpg","articleSection":["Communiqu\u00e9s","Prix et reconnaissances"],"inLanguage":"fr-FR"},{"@type":"WebPage","@id":"https:\/\/sanexen.com\/fr\/2022\/05\/19\/sanexen-recoit-le-prix-distinction-meilleure-entreprise-et-organisation-de-reseau-environnement\/","url":"https:\/\/sanexen.com\/fr\/2022\/05\/19\/sanexen-recoit-le-prix-distinction-meilleure-entreprise-et-organisation-de-reseau-environnement\/","name":"SANEXEN re\u00e7oit le prix Distinction Meilleure entreprise et organisation de R\u00e9seau Environnement | SANEXEN","isPartOf":{"@id":"https:\/\/sanexen.com\/fr\/#website"},"primaryImageOfPage":{"@id":"https:\/\/sanexen.com\/fr\/2022\/05\/19\/sanexen-recoit-le-prix-distinction-meilleure-entreprise-et-organisation-de-reseau-environnement\/#primaryimage"},"image":{"@id":"https:\/\/sanexen.com\/fr\/2022\/05\/19\/sanexen-recoit-le-prix-distinction-meilleure-entreprise-et-organisation-de-reseau-environnement\/#primaryimage"},"thumbnailUrl":"https:\/\/sanexen.com\/wp-content\/uploads\/2023\/02\/prix-reseau-environnement-2022-jfb-copy-small.jpg","datePublished":"2022-05-19T17:34:00+00:00","dateModified":"2026-08-19T14:20:38+00:00","breadcrumb":{"@id":"https:\/\/sanexen.com\/fr\/2022\/05\/19\/sanexen-recoit-le-prix-distinction-meilleure-entreprise-et-organisation-de-reseau-environnement\/#breadcrumb"},"inLanguage":"fr-FR","potentialAction":[{"@type":"ReadAction","target":["https:\/\/sanexen.com\/fr\/2022\/05\/19\/sanexen-recoit-le-prix-distinction-meilleure-entreprise-et-organisation-de-reseau-environnement\/"]}]},{"@type":"ImageObject","inLanguage":"fr-FR","@id":"https:\/\/sanexen.com\/fr\/2022\/05\/19\/sanexen-recoit-le-prix-distinction-meilleure-entreprise-et-organisation-de-reseau-environnement\/#primaryimage","url":"https:\/\/sanexen.com\/wp-content\/uploads\/2023\/02\/prix-reseau-environnement-2022-jfb-copy-small.jpg","contentUrl":"https:\/\/sanexen.com\/wp-content\/uploads\/2023\/02\/prix-reseau-environnement-2022-jfb-copy-small.jpg","width":1000,"height":667},{"@type":"BreadcrumbList","@id":"https:\/\/sanexen.com\/fr\/2022\/05\/19\/sanexen-recoit-le-prix-distinction-meilleure-entreprise-et-organisation-de-reseau-environnement\/#breadcrumb","itemListElement":[{"@type":"ListItem","position":1,"name":"Home","item":"https:\/\/sanexen.com\/fr\/home\/"},{"@type":"ListItem","position":2,"name":"SANEXEN re\u00e7oit le prix Distinction Meilleure entreprise et organisation de R\u00e9seau Environnement"}]},{"@type":"WebSite","@id":"https:\/\/sanexen.com\/fr\/#website","url":"https:\/\/sanexen.com\/fr\/","name":"SANEXEN","description":"Driving innovation in environmental, water, climate change and circular economy solutions.","publisher":{"@id":"https:\/\/sanexen.com\/fr\/#organization"},"alternateName":"Sanexen Services environnementaux","potentialAction":[{"@type":"SearchAction","target":{"@type":"EntryPoint","urlTemplate":"https:\/\/sanexen.com\/fr\/?s={search_term_string}"},"query-input":{"@type":"PropertyValueSpecification","valueRequired":true,"valueName":"search_term_string"}}],"inLanguage":"fr-FR"},{"@type":"Organization","@id":"https:\/\/sanexen.com\/fr\/#organization","name":"SANEXEN","alternateName":"SANEXEN Services environnementaux","url":"https:\/\/sanexen.com\/fr\/","logo":{"@type":"ImageObject","inLanguage":"fr-FR","@id":"https:\/\/sanexen.com\/fr\/#\/schema\/logo\/image\/","url":"https:\/\/sanexen.com\/wp-content\/uploads\/2025\/11\/SNX-logo-696X696.png","contentUrl":"https:\/\/sanexen.com\/wp-content\/uploads\/2025\/11\/SNX-logo-696X696.png","width":696,"height":696,"caption":"SANEXEN"},"image":{"@id":"https:\/\/sanexen.com\/fr\/#\/schema\/logo\/image\/"},"sameAs":["https:\/\/www.facebook.com\/sanexen.env\/","https:\/\/x.com\/sanexen_env","https:\/\/www.linkedin.com\/company\/sanexen-env","https:\/\/www.youtube.com\/@sanexen-env"]},{"@type":"Person","@id":"https:\/\/sanexen.com\/fr\/#\/schema\/person\/3c52368b62a30550e023fd775e22b537","name":"Marilyne Thomas","image":{"@type":"ImageObject","inLanguage":"fr-FR","@id":"https:\/\/secure.gravatar.com\/avatar\/60c9d972f84577233acece740ecda8c054bc8f02e2fab9dcbff2b5c83d7af764?s=96&d=mm&r=g","url":"https:\/\/secure.gravatar.com\/avatar\/60c9d972f84577233acece740ecda8c054bc8f02e2fab9dcbff2b5c83d7af764?s=96&d=mm&r=g","contentUrl":"https:\/\/secure.gravatar.com\/avatar\/60c9d972f84577233acece740ecda8c054bc8f02e2fab9dcbff2b5c83d7af764?s=96&d=mm&r=g","caption":"Marilyne Thomas"},"url":"https:\/\/sanexen.com\/fr\/author\/mthomassanexen-com\/"}]}},"_links":{"self":[{"href":"https:\/\/sanexen.com\/fr\/wp-json\/wp\/v2\/posts\/819","targetHints":{"allow":["GET"]}}],"collection":[{"href":"https:\/\/sanexen.com\/fr\/wp-json\/wp\/v2\/posts"}],"about":[{"href":"https:\/\/sanexen.com\/fr\/wp-json\/wp\/v2\/types\/post"}],"author":[{"embeddable":true,"href":"https:\/\/sanexen.com\/fr\/wp-json\/wp\/v2\/users\/17"}],"replies":[{"embeddable":true,"href":"https:\/\/sanexen.com\/fr\/wp-json\/wp\/v2\/comments?post=819"}],"version-history":[{"count":1,"href":"https:\/\/sanexen.com\/fr\/wp-json\/wp\/v2\/posts\/819\/revisions"}],"predecessor-version":[{"id":23474,"href":"https:\/\/sanexen.com\/fr\/wp-json\/wp\/v2\/posts\/819\/revisions\/23474"}],"wp:featuredmedia":[{"embeddable":true,"href":"https:\/\/sanexen.com\/fr\/wp-json\/wp\/v2\/media\/816"}],"wp:attachment":[{"href":"https:\/\/sanexen.com\/fr\/wp-json\/wp\/v2\/media?parent=819"}],"wp:term":[{"taxonomy":"category","embeddable":true,"href":"https:\/\/sanexen.com\/fr\/wp-json\/wp\/v2\/categories?post=819"},{"taxonomy":"post_tag","embeddable":true,"href":"https:\/\/sanexen.com\/fr\/wp-json\/wp\/v2\/tags?post=819"}],"curies":[{"name":"wp","href":"https:\/\/api.w.org\/{rel}","templated":true}]}}